{"id":3302,"date":"2024-05-03T12:52:17","date_gmt":"2024-05-03T16:52:17","guid":{"rendered":"https:\/\/www.pallium.ca\/une-lumiere-de-paix-inattendue-ce-que-les-israeliens-et-les-palestiniens-apprennent-au-canada-sur-les-soins-palliatifs\/"},"modified":"2024-10-03T06:41:09","modified_gmt":"2024-10-03T10:41:09","slug":"une-lumiere-de-paix-inattendue-ce-que-les-israeliens-et-les-palestiniens-apprennent-au-canada-sur-les-soins-palliatifs","status":"publish","type":"post","link":"https:\/\/www.pallium.ca\/fr\/une-lumiere-de-paix-inattendue-ce-que-les-israeliens-et-les-palestiniens-apprennent-au-canada-sur-les-soins-palliatifs\/","title":{"rendered":"Une lumi\u00e8re de paix inattendue : Ce que les Isra\u00e9liens et les Palestiniens apprennent au Canada sur les soins palliatifs"},"content":{"rendered":"[vc_row type=\u00a0\u00bbfull_width_background\u00a0\u00bb full_screen_row_position=\u00a0\u00bbmiddle\u00a0\u00bb column_margin=\u00a0\u00bbdefault\u00a0\u00bb column_direction=\u00a0\u00bbdefault\u00a0\u00bb column_direction_tablet=\u00a0\u00bbdefault\u00a0\u00bb column_direction_phone=\u00a0\u00bbdefault\u00a0\u00bb scene_position=\u00a0\u00bbcenter\u00a0\u00bb bottom_padding=\u00a0\u00bb96px\u00a0\u00bb bottom_padding_tablet=\u00a0\u00bb63px\u00a0\u00bb bottom_padding_phone=\u00a0\u00bb55px\u00a0\u00bb text_color=\u00a0\u00bbdark\u00a0\u00bb text_align=\u00a0\u00bbleft\u00a0\u00bb row_border_radius=\u00a0\u00bbnone\u00a0\u00bb row_border_radius_applies=\u00a0\u00bbbg\u00a0\u00bb overflow=\u00a0\u00bbvisible\u00a0\u00bb overlay_strength=\u00a0\u00bb0.3&Prime; gradient_direction=\u00a0\u00bbleft_to_right\u00a0\u00bb shape_divider_position=\u00a0\u00bbbottom\u00a0\u00bb bg_image_animation=\u00a0\u00bbnone\u00a0\u00bb gradient_type=\u00a0\u00bbdefault\u00a0\u00bb shape_type=\u00a0\u00bb\u00a0\u00bb][vc_column column_padding=\u00a0\u00bbno-extra-padding\u00a0\u00bb column_padding_tablet=\u00a0\u00bbinherit\u00a0\u00bb column_padding_phone=\u00a0\u00bbinherit\u00a0\u00bb column_padding_position=\u00a0\u00bball\u00a0\u00bb column_element_direction_desktop=\u00a0\u00bbdefault\u00a0\u00bb column_element_spacing=\u00a0\u00bbdefault\u00a0\u00bb desktop_text_alignment=\u00a0\u00bbdefault\u00a0\u00bb tablet_text_alignment=\u00a0\u00bbdefault\u00a0\u00bb phone_text_alignment=\u00a0\u00bbdefault\u00a0\u00bb background_color_opacity=\u00a0\u00bb1&Prime; background_hover_color_opacity=\u00a0\u00bb1&Prime; column_backdrop_filter=\u00a0\u00bbnone\u00a0\u00bb column_shadow=\u00a0\u00bbnone\u00a0\u00bb column_border_radius=\u00a0\u00bbnone\u00a0\u00bb column_link_target=\u00a0\u00bb_self\u00a0\u00bb column_position=\u00a0\u00bbdefault\u00a0\u00bb gradient_direction=\u00a0\u00bbleft_to_right\u00a0\u00bb overlay_strength=\u00a0\u00bb0.3&Prime; width=\u00a0\u00bb1\/1&Prime; tablet_width_inherit=\u00a0\u00bbdefault\u00a0\u00bb animation_type=\u00a0\u00bbdefault\u00a0\u00bb bg_image_animation=\u00a0\u00bbnone\u00a0\u00bb border_type=\u00a0\u00bbsimple\u00a0\u00bb column_border_width=\u00a0\u00bbnone\u00a0\u00bb column_border_style=\u00a0\u00bbsolid\u00a0\u00bb column_padding_type=\u00a0\u00bbdefault\u00a0\u00bb gradient_type=\u00a0\u00bbdefault\u00a0\u00bb offset=\u00a0\u00bbvc_col-lg-offset-2 vc_col-lg-8&Prime;][vc_custom_heading text=\u00a0\u00bbLa formation des professionnels de la sant\u00e9 en mati\u00e8re de soins palliatifs reste tr\u00e8s insuffisante dans ce pays.\u00a0\u00bb font_container=\u00a0\u00bbtag:h3|text_align:left|color:%23333d79&Prime; use_theme_fonts=\u00a0\u00bbyes\u00a0\u00bb css=\u00a0\u00bb\u00a0\u00bb][divider line_type=\u00a0\u00bbNo Line\u00a0\u00bb custom_height=\u00a0\u00bb36px\u00a0\u00bb custom_height_phone=\u00a0\u00bb21px\u00a0\u00bb custom_height_tablet=\u00a0\u00bb24px\u00a0\u00bb][vc_column_text css=\u00a0\u00bb\u00a0\u00bb text_direction=\u00a0\u00bbdefault\u00a0\u00bb]\n<p style=\"text-align: center;\"><a href=\"https:\/\/www.thespec.com\/opinion\/contributors\/an-unexpected-beacon-of-peace-what-israelis-and-palestinians-teach-canada-about-palliative-care\/article_75c574c4-fd59-56e0-a054-24f5755f8949.html\">Tel que pr\u00e9sent\u00e9 dans le Hamilton Spectator le 3 mai 2024.<\/a><\/p>\n<p>Imaginez un peu : Des professionnels de la sant\u00e9 isra\u00e9liens et palestiniens, s\u00e9par\u00e9s par un long conflit, se r\u00e9unissent pour s&rsquo;informer sur les soins palliatifs.<\/p>\n<p>Plus surprenant encore, imaginez que cela se produise en pleine guerre&#8230; Il ne s&rsquo;agit pas d&rsquo;une sc\u00e8ne tir\u00e9e d&rsquo;un r\u00eave utopique. Le projet <a href=\"https:\/\/www.projectrozana.org\/\">Rozana<\/a>, une initiative internationale de promotion de la paix par les soins de sant\u00e9, s&rsquo;est associ\u00e9 \u00e0 <a href=\"https:\/\/www.pallium.ca\/fr\/\">Pallium Canada<\/a>, un organisme national \u00e0 but non lucratif leader dans la formation aux soins palliatifs, pour faire de ce type de collaboration une r\u00e9alit\u00e9.Le projet a r\u00e9uni des prestataires de soins de sant\u00e9 isra\u00e9liens et palestiniens pour une formation aux soins palliatifs de premier ordre, favorisant la consolidation de la paix gr\u00e2ce \u00e0 une approche commune des soins.Ce rassemblement unique de professionnels de la sant\u00e9 canadiens, isra\u00e9liens, palestiniens, musulmans, juifs et chr\u00e9tiens est devenu un mod\u00e8le de choix, de compassion et de confort &#8211; les mots d&rsquo;ordre des soins palliatifs.<\/p>\n<p>Il s&rsquo;agit l\u00e0 d&rsquo;un puissant t\u00e9moignage du potentiel des soins palliatifs \u00e0 servir de pont entre les cultures, m\u00eame les plus profond\u00e9ment divis\u00e9es. Si les prestataires de soins de sant\u00e9 des deux c\u00f4t\u00e9s de la ligne de d\u00e9marcation peuvent trouver un terrain d&rsquo;entente sur cette question, en temps de guerre qui plus est, le Canada ne devrait-il pas \u00eatre en mesure de faire de m\u00eame ?<\/p>\n<p>Bien que le Canada ait une longue et fi\u00e8re histoire d&rsquo;innovation et de leadership dans le domaine m\u00e9dical, la formation des professionnels de la sant\u00e9 en mati\u00e8re de soins palliatifs reste cruellement insuffisante. Au Canada, on estime qu&rsquo;\u00e0 peine 5 % du personnel soignant a \u00e9t\u00e9 form\u00e9 \u00e0 l&rsquo;approche palliative. Pallium Canada travaille sans rel\u00e2che pour combler cette lacune.<\/p>\n<p>Nous avons form\u00e9 plus de 60 000 travailleurs de la sant\u00e9 \u00e0 travers le Canada, en leur donnant les comp\u00e9tences et les connaissances n\u00e9cessaires pour prodiguer des soins empreints de compassion. Cependant, le chemin est loin d&rsquo;\u00eatre termin\u00e9. Le besoin d&rsquo;une formation accrue en mati\u00e8re de soins palliatifs est ind\u00e9niable et devient encore plus critique si l&rsquo;on consid\u00e8re le vieillissement de la population canadienne. Notre d\u00e9mographie est appel\u00e9e \u00e0 \u00e9voluer \u00e0 un rythme sans pr\u00e9c\u00e9dent. Selon Statistique Canada, le nombre de Canadiens \u00e2g\u00e9s de plus de 85 ans devrait pratiquement tripler au cours des 25 prochaines ann\u00e9es. Compte tenu de l&rsquo;augmentation pr\u00e9vue du nombre de personnes \u00e2g\u00e9es n\u00e9cessitant des soins palliatifs, il est essentiel que le Canada dispose d&rsquo;une main-d&rsquo;\u0153uvre qualifi\u00e9e et compatissante.<\/p>\n<p>Le projet Rozana travaille en Isra\u00ebl et en Palestine pour renforcer les capacit\u00e9s, partager les connaissances et financer le transport et le traitement transfrontaliers des patients, en comblant les lacunes critiques en mati\u00e8re de comp\u00e9tences et en permettant aux prestataires de soins de sant\u00e9 isra\u00e9liens et palestiniens de collaborer, unis comme ils le sont par le chagrin et le traumatisme.<\/p>\n<p>Le partenariat entre Pallium et le projet Rozana t\u00e9moigne de la capacit\u00e9 des soins palliatifs \u00e0 jeter un pont entre les cultures.<br \/>\nSi les professionnels de la sant\u00e9 d&rsquo;une zone de guerre peuvent surmonter les divisions pour acqu\u00e9rir ces comp\u00e9tences essentielles, ne pouvons-nous pas, au Canada, donner la priorit\u00e9 \u00e0 l&rsquo;\u00e9quipement de tous nos professionnels de la sant\u00e9 avec les connaissances et les outils n\u00e9cessaires pour fournir des soins palliatifs plus pr\u00e9coces, plus efficaces et plus compatissants ?<br \/>\nLa r\u00e9ponse est un oui retentissant.<\/p>\n<p>Si le projet Rozana peut se poursuivre contre vents et mar\u00e9es, nous n&rsquo;avons aucune excuse pour l&rsquo;inaction.<br \/>\nNous avons besoin d&rsquo;une impulsion nationale pour faire en sorte que tous les professionnels de la sant\u00e9, quel que soit le cadre ou la sp\u00e9cialit\u00e9, poss\u00e8dent les comp\u00e9tences n\u00e9cessaires pour dispenser des soins palliatifs. Nous pouvons nous inspirer de la r\u00e9ussite du projet Rozana.<\/p>\n<p>Cet exemple est ancr\u00e9 dans un professionnalisme in\u00e9branlable et un engagement profond envers les soins aux patients. En investissant dans une formation de base en soins palliatifs pour tous les professionnels de la sant\u00e9, le Canada peut doter ses propres cliniciens des comp\u00e9tences et des connaissances n\u00e9cessaires pour \u00e9lever la norme des soins pour les Canadiens confront\u00e9s \u00e0 des maladies limitant l&rsquo;esp\u00e9rance de vie. Imaginez des professionnels de sant\u00e9 canadiens de tous horizons unis dans leur capacit\u00e9 \u00e0 apporter confort et dignit\u00e9 aux personnes atteintes d&rsquo;une maladie limitant l&rsquo;esp\u00e9rance de vie.<\/p>\n<p>Ce ne serait pas une utopie ; ce serait le Canada \u00e0 son meilleur. <strong>L&rsquo;auteur<\/strong> Jeffrey Moat est le directeur g\u00e9n\u00e9ral de Pallium Canada.<\/p>\n<p>Il s&rsquo;agit d&rsquo;un organisme national \u00e0 but non lucratif dont l&rsquo;objectif est de renforcer les capacit\u00e9s professionnelles et communautaires afin d&rsquo;am\u00e9liorer la qualit\u00e9 et l&rsquo;accessibilit\u00e9 des soins palliatifs.<\/p>\n<footer class=\"article-footer\"><\/footer>\n[\/vc_column_text][\/vc_column][\/vc_row][vc_row type=\u00a0\u00bbin_container\u00a0\u00bb full_screen_row_position=\u00a0\u00bbmiddle\u00a0\u00bb column_margin=\u00a0\u00bbdefault\u00a0\u00bb column_direction=\u00a0\u00bbdefault\u00a0\u00bb column_direction_tablet=\u00a0\u00bbdefault\u00a0\u00bb column_direction_phone=\u00a0\u00bbdefault\u00a0\u00bb scene_position=\u00a0\u00bbcenter\u00a0\u00bb text_color=\u00a0\u00bbdark\u00a0\u00bb text_align=\u00a0\u00bbleft\u00a0\u00bb row_border_radius=\u00a0\u00bbnone\u00a0\u00bb row_border_radius_applies=\u00a0\u00bbbg\u00a0\u00bb overflow=\u00a0\u00bbvisible\u00a0\u00bb overlay_strength=\u00a0\u00bb0.3&Prime; gradient_direction=\u00a0\u00bbleft_to_right\u00a0\u00bb shape_divider_position=\u00a0\u00bbbottom\u00a0\u00bb bg_image_animation=\u00a0\u00bbnone\u00a0\u00bb][vc_column column_padding=\u00a0\u00bbno-extra-padding\u00a0\u00bb column_padding_tablet=\u00a0\u00bbinherit\u00a0\u00bb column_padding_phone=\u00a0\u00bbinherit\u00a0\u00bb column_padding_position=\u00a0\u00bball\u00a0\u00bb column_element_direction_desktop=\u00a0\u00bbdefault\u00a0\u00bb column_element_spacing=\u00a0\u00bbdefault\u00a0\u00bb desktop_text_alignment=\u00a0\u00bbdefault\u00a0\u00bb tablet_text_alignment=\u00a0\u00bbdefault\u00a0\u00bb phone_text_alignment=\u00a0\u00bbdefault\u00a0\u00bb background_color_opacity=\u00a0\u00bb1&Prime; background_hover_color_opacity=\u00a0\u00bb1&Prime; column_backdrop_filter=\u00a0\u00bbnone\u00a0\u00bb column_shadow=\u00a0\u00bbnone\u00a0\u00bb column_border_radius=\u00a0\u00bbnone\u00a0\u00bb column_link_target=\u00a0\u00bb_self\u00a0\u00bb column_position=\u00a0\u00bbdefault\u00a0\u00bb gradient_direction=\u00a0\u00bbleft_to_right\u00a0\u00bb overlay_strength=\u00a0\u00bb0.3&Prime; width=\u00a0\u00bb1\/1&Prime; tablet_width_inherit=\u00a0\u00bbdefault\u00a0\u00bb animation_type=\u00a0\u00bbdefault\u00a0\u00bb bg_image_animation=\u00a0\u00bbnone\u00a0\u00bb border_type=\u00a0\u00bbsimple\u00a0\u00bb column_border_width=\u00a0\u00bbnone\u00a0\u00bb column_border_style=\u00a0\u00bbsolid\u00a0\u00bb][divider line_type=\u00a0\u00bbNo Line\u00a0\u00bb custom_height=\u00a0\u00bb35&Prime;][\/vc_column][\/vc_row]\n","protected":false},"excerpt":{"rendered":"<p>[vc_row type=\u00a0\u00bbfull_width_background\u00a0\u00bb full_screen_row_position=\u00a0\u00bbmiddle\u00a0\u00bb column_margin=\u00a0\u00bbdefault\u00a0\u00bb column_direction=\u00a0\u00bbdefault\u00a0\u00bb column_direction_tablet=\u00a0\u00bbdefault\u00a0\u00bb column_direction_phone=\u00a0\u00bbdefault\u00a0\u00bb scene_position=\u00a0\u00bbcenter\u00a0\u00bb bottom_padding=\u00a0\u00bb96px\u00a0\u00bb bottom_padding_tablet=\u00a0\u00bb63px\u00a0\u00bb bottom_padding_phone=\u00a0\u00bb55px\u00a0\u00bb text_color=\u00a0\u00bbdark\u00a0\u00bb text_align=\u00a0\u00bbleft\u00a0\u00bb row_border_radius=\u00a0\u00bbnone\u00a0\u00bb row_border_radius_applies=\u00a0\u00bbbg\u00a0\u00bb overflow=\u00a0\u00bbvisible\u00a0\u00bb overlay_strength=\u00a0\u00bb0.3&Prime; gradient_direction=\u00a0\u00bbleft_to_right\u00a0\u00bb shape_divider_position=\u00a0\u00bbbottom\u00a0\u00bb bg_image_animation=\u00a0\u00bbnone\u00a0\u00bb gradient_type=\u00a0\u00bbdefault\u00a0\u00bb shape_type=\u00a0\u00bb\u00a0\u00bb][vc_column column_padding=\u00a0\u00bbno-extra-padding\u00a0\u00bb column_padding_tablet=\u00a0\u00bbinherit\u00a0\u00bb column_padding_phone=\u00a0\u00bbinherit\u00a0\u00bb column_padding_position=\u00a0\u00bball\u00a0\u00bb column_element_direction_desktop=\u00a0\u00bbdefault\u00a0\u00bb column_element_spacing=\u00a0\u00bbdefault\u00a0\u00bb desktop_text_alignment=\u00a0\u00bbdefault\u00a0\u00bb tablet_text_alignment=\u00a0\u00bbdefault\u00a0\u00bb&#8230;<\/p>\n","protected":false},"author":7,"featured_media":0,"comment_status":"closed","ping_status":"closed","sticky":false,"template":"","format":"standard","meta":{"_acf_changed":false,"footnotes":""},"categories":[8],"tags":[],"post_folder":[],"class_list":{"0":"post-3302","1":"post","2":"type-post","3":"status-publish","4":"format-standard","6":"category-non-classifiee"},"acf":[],"yoast_head":"<!-- This site is optimized with the Yoast SEO plugin v26.5 - https:\/\/yoast.com\/wordpress\/plugins\/seo\/ -->\n<title>Une lumi\u00e8re de paix inattendue : Ce que les Isra\u00e9liens et les Palestiniens apprennent au Canada sur les soins palliatifs - Pallium Canada<\/title>\n<meta name=\"robots\" content=\"index, follow, max-snippet:-1, max-image-preview:large, max-video-preview:-1\" \/>\n<link rel=\"canonical\" href=\"https:\/\/www.pallium.ca\/fr\/une-lumiere-de-paix-inattendue-ce-que-les-israeliens-et-les-palestiniens-apprennent-au-canada-sur-les-soins-palliatifs\/\" \/>\n<meta property=\"og:locale\" content=\"fr_FR\" \/>\n<meta property=\"og:type\" content=\"article\" \/>\n<meta property=\"og:title\" content=\"Une lumi\u00e8re de paix inattendue : Ce que les Isra\u00e9liens et les Palestiniens apprennent au Canada sur les soins palliatifs - Pallium Canada\" \/>\n<meta property=\"og:description\" content=\"[vc_row type=\u00a0\u00bbfull_width_background\u00a0\u00bb full_screen_row_position=\u00a0\u00bbmiddle\u00a0\u00bb column_margin=\u00a0\u00bbdefault\u00a0\u00bb column_direction=\u00a0\u00bbdefault\u00a0\u00bb column_direction_tablet=\u00a0\u00bbdefault\u00a0\u00bb column_direction_phone=\u00a0\u00bbdefault\u00a0\u00bb scene_position=\u00a0\u00bbcenter\u00a0\u00bb bottom_padding=\u00a0\u00bb96px\u00a0\u00bb bottom_padding_tablet=\u00a0\u00bb63px\u00a0\u00bb bottom_padding_phone=\u00a0\u00bb55px\u00a0\u00bb text_color=\u00a0\u00bbdark\u00a0\u00bb text_align=\u00a0\u00bbleft\u00a0\u00bb row_border_radius=\u00a0\u00bbnone\u00a0\u00bb row_border_radius_applies=\u00a0\u00bbbg\u00a0\u00bb overflow=\u00a0\u00bbvisible\u00a0\u00bb overlay_strength=\u00a0\u00bb0.3&Prime; gradient_direction=\u00a0\u00bbleft_to_right\u00a0\u00bb shape_divider_position=\u00a0\u00bbbottom\u00a0\u00bb bg_image_animation=\u00a0\u00bbnone\u00a0\u00bb gradient_type=\u00a0\u00bbdefault\u00a0\u00bb shape_type=\u00a0\u00bb\u00a0\u00bb][vc_column column_padding=\u00a0\u00bbno-extra-padding\u00a0\u00bb column_padding_tablet=\u00a0\u00bbinherit\u00a0\u00bb column_padding_phone=\u00a0\u00bbinherit\u00a0\u00bb column_padding_position=\u00a0\u00bball\u00a0\u00bb column_element_direction_desktop=\u00a0\u00bbdefault\u00a0\u00bb column_element_spacing=\u00a0\u00bbdefault\u00a0\u00bb desktop_text_alignment=\u00a0\u00bbdefault\u00a0\u00bb tablet_text_alignment=\u00a0\u00bbdefault\u00a0\u00bb...\" \/>\n<meta property=\"og:url\" content=\"https:\/\/www.pallium.ca\/fr\/une-lumiere-de-paix-inattendue-ce-que-les-israeliens-et-les-palestiniens-apprennent-au-canada-sur-les-soins-palliatifs\/\" \/>\n<meta property=\"og:site_name\" content=\"Pallium Canada\" \/>\n<meta property=\"article:published_time\" content=\"2024-05-03T16:52:17+00:00\" \/>\n<meta property=\"article:modified_time\" content=\"2024-10-03T10:41:09+00:00\" \/>\n<meta name=\"author\" content=\"Georgina Dunn\" \/>\n<meta name=\"twitter:card\" content=\"summary_large_image\" \/>\n<script type=\"application\/ld+json\" class=\"yoast-schema-graph\">{\"@context\":\"https:\/\/schema.org\",\"@graph\":[{\"@type\":\"Article\",\"@id\":\"https:\/\/www.pallium.ca\/fr\/une-lumiere-de-paix-inattendue-ce-que-les-israeliens-et-les-palestiniens-apprennent-au-canada-sur-les-soins-palliatifs\/#article\",\"isPartOf\":{\"@id\":\"https:\/\/www.pallium.ca\/fr\/une-lumiere-de-paix-inattendue-ce-que-les-israeliens-et-les-palestiniens-apprennent-au-canada-sur-les-soins-palliatifs\/\"},\"author\":{\"name\":\"Georgina Dunn\",\"@id\":\"https:\/\/www.pallium.ca\/fr\/#\/schema\/person\/569be35cacdaa0eae4da12d1dfb63500\"},\"headline\":\"Une lumi\u00e8re de paix inattendue : Ce que les Isra\u00e9liens et les Palestiniens apprennent au Canada sur les soins palliatifs\",\"datePublished\":\"2024-05-03T16:52:17+00:00\",\"dateModified\":\"2024-10-03T10:41:09+00:00\",\"mainEntityOfPage\":{\"@id\":\"https:\/\/www.pallium.ca\/fr\/une-lumiere-de-paix-inattendue-ce-que-les-israeliens-et-les-palestiniens-apprennent-au-canada-sur-les-soins-palliatifs\/\"},\"wordCount\":1272,\"publisher\":{\"@id\":\"https:\/\/www.pallium.ca\/fr\/#organization\"},\"articleSection\":[\"Non classifi\u00e9(e)\"],\"inLanguage\":\"fr-FR\"},{\"@type\":\"WebPage\",\"@id\":\"https:\/\/www.pallium.ca\/fr\/une-lumiere-de-paix-inattendue-ce-que-les-israeliens-et-les-palestiniens-apprennent-au-canada-sur-les-soins-palliatifs\/\",\"url\":\"https:\/\/www.pallium.ca\/fr\/une-lumiere-de-paix-inattendue-ce-que-les-israeliens-et-les-palestiniens-apprennent-au-canada-sur-les-soins-palliatifs\/\",\"name\":\"Une lumi\u00e8re de paix inattendue : Ce que les Isra\u00e9liens et les Palestiniens apprennent au Canada sur les soins palliatifs - Pallium Canada\",\"isPartOf\":{\"@id\":\"https:\/\/www.pallium.ca\/fr\/#website\"},\"datePublished\":\"2024-05-03T16:52:17+00:00\",\"dateModified\":\"2024-10-03T10:41:09+00:00\",\"breadcrumb\":{\"@id\":\"https:\/\/www.pallium.ca\/fr\/une-lumiere-de-paix-inattendue-ce-que-les-israeliens-et-les-palestiniens-apprennent-au-canada-sur-les-soins-palliatifs\/#breadcrumb\"},\"inLanguage\":\"fr-FR\",\"potentialAction\":[{\"@type\":\"ReadAction\",\"target\":[\"https:\/\/www.pallium.ca\/fr\/une-lumiere-de-paix-inattendue-ce-que-les-israeliens-et-les-palestiniens-apprennent-au-canada-sur-les-soins-palliatifs\/\"]}]},{\"@type\":\"BreadcrumbList\",\"@id\":\"https:\/\/www.pallium.ca\/fr\/une-lumiere-de-paix-inattendue-ce-que-les-israeliens-et-les-palestiniens-apprennent-au-canada-sur-les-soins-palliatifs\/#breadcrumb\",\"itemListElement\":[{\"@type\":\"ListItem\",\"position\":1,\"name\":\"Home\",\"item\":\"https:\/\/www.pallium.ca\/fr\/\"},{\"@type\":\"ListItem\",\"position\":2,\"name\":\"Une lumi\u00e8re de paix inattendue : Ce que les Isra\u00e9liens et les Palestiniens apprennent au Canada sur les soins palliatifs\"}]},{\"@type\":\"WebSite\",\"@id\":\"https:\/\/www.pallium.ca\/fr\/#website\",\"url\":\"https:\/\/www.pallium.ca\/fr\/\",\"name\":\"Pallium Canada\",\"description\":\"Advancing Palliative Care\",\"publisher\":{\"@id\":\"https:\/\/www.pallium.ca\/fr\/#organization\"},\"potentialAction\":[{\"@type\":\"SearchAction\",\"target\":{\"@type\":\"EntryPoint\",\"urlTemplate\":\"https:\/\/www.pallium.ca\/fr\/?s={search_term_string}\"},\"query-input\":{\"@type\":\"PropertyValueSpecification\",\"valueRequired\":true,\"valueName\":\"search_term_string\"}}],\"inLanguage\":\"fr-FR\"},{\"@type\":\"Organization\",\"@id\":\"https:\/\/www.pallium.ca\/fr\/#organization\",\"name\":\"Pallium Canada\",\"url\":\"https:\/\/www.pallium.ca\/fr\/\",\"logo\":{\"@type\":\"ImageObject\",\"inLanguage\":\"fr-FR\",\"@id\":\"https:\/\/www.pallium.ca\/fr\/#\/schema\/logo\/image\/\",\"url\":\"https:\/\/www.pallium.ca\/wp-content\/uploads\/2024\/05\/Pallium-Logo.svg\",\"contentUrl\":\"https:\/\/www.pallium.ca\/wp-content\/uploads\/2024\/05\/Pallium-Logo.svg\",\"width\":1,\"height\":1,\"caption\":\"Pallium Canada\"},\"image\":{\"@id\":\"https:\/\/www.pallium.ca\/fr\/#\/schema\/logo\/image\/\"}},{\"@type\":\"Person\",\"@id\":\"https:\/\/www.pallium.ca\/fr\/#\/schema\/person\/569be35cacdaa0eae4da12d1dfb63500\",\"name\":\"Georgina Dunn\",\"image\":{\"@type\":\"ImageObject\",\"inLanguage\":\"fr-FR\",\"@id\":\"https:\/\/www.pallium.ca\/fr\/#\/schema\/person\/image\/\",\"url\":\"https:\/\/secure.gravatar.com\/avatar\/2417ba21bc01dc9e2875fe9083a3a97d7c1bbbbe5ff79c82d0bf36bafc00aa13?s=96&d=mm&r=g\",\"contentUrl\":\"https:\/\/secure.gravatar.com\/avatar\/2417ba21bc01dc9e2875fe9083a3a97d7c1bbbbe5ff79c82d0bf36bafc00aa13?s=96&d=mm&r=g\",\"caption\":\"Georgina Dunn\"}}]}<\/script>\n<!-- \/ Yoast SEO plugin. -->","yoast_head_json":{"title":"Une lumi\u00e8re de paix inattendue : Ce que les Isra\u00e9liens et les Palestiniens apprennent au Canada sur les soins palliatifs - Pallium Canada","robots":{"index":"index","follow":"follow","max-snippet":"max-snippet:-1","max-image-preview":"max-image-preview:large","max-video-preview":"max-video-preview:-1"},"canonical":"https:\/\/www.pallium.ca\/fr\/une-lumiere-de-paix-inattendue-ce-que-les-israeliens-et-les-palestiniens-apprennent-au-canada-sur-les-soins-palliatifs\/","og_locale":"fr_FR","og_type":"article","og_title":"Une lumi\u00e8re de paix inattendue : Ce que les Isra\u00e9liens et les Palestiniens apprennent au Canada sur les soins palliatifs - Pallium Canada","og_description":"[vc_row type=\u00a0\u00bbfull_width_background\u00a0\u00bb full_screen_row_position=\u00a0\u00bbmiddle\u00a0\u00bb column_margin=\u00a0\u00bbdefault\u00a0\u00bb column_direction=\u00a0\u00bbdefault\u00a0\u00bb column_direction_tablet=\u00a0\u00bbdefault\u00a0\u00bb column_direction_phone=\u00a0\u00bbdefault\u00a0\u00bb scene_position=\u00a0\u00bbcenter\u00a0\u00bb bottom_padding=\u00a0\u00bb96px\u00a0\u00bb bottom_padding_tablet=\u00a0\u00bb63px\u00a0\u00bb bottom_padding_phone=\u00a0\u00bb55px\u00a0\u00bb text_color=\u00a0\u00bbdark\u00a0\u00bb text_align=\u00a0\u00bbleft\u00a0\u00bb row_border_radius=\u00a0\u00bbnone\u00a0\u00bb row_border_radius_applies=\u00a0\u00bbbg\u00a0\u00bb overflow=\u00a0\u00bbvisible\u00a0\u00bb overlay_strength=\u00a0\u00bb0.3&Prime; gradient_direction=\u00a0\u00bbleft_to_right\u00a0\u00bb shape_divider_position=\u00a0\u00bbbottom\u00a0\u00bb bg_image_animation=\u00a0\u00bbnone\u00a0\u00bb gradient_type=\u00a0\u00bbdefault\u00a0\u00bb shape_type=\u00a0\u00bb\u00a0\u00bb][vc_column column_padding=\u00a0\u00bbno-extra-padding\u00a0\u00bb column_padding_tablet=\u00a0\u00bbinherit\u00a0\u00bb column_padding_phone=\u00a0\u00bbinherit\u00a0\u00bb column_padding_position=\u00a0\u00bball\u00a0\u00bb column_element_direction_desktop=\u00a0\u00bbdefault\u00a0\u00bb column_element_spacing=\u00a0\u00bbdefault\u00a0\u00bb desktop_text_alignment=\u00a0\u00bbdefault\u00a0\u00bb tablet_text_alignment=\u00a0\u00bbdefault\u00a0\u00bb...","og_url":"https:\/\/www.pallium.ca\/fr\/une-lumiere-de-paix-inattendue-ce-que-les-israeliens-et-les-palestiniens-apprennent-au-canada-sur-les-soins-palliatifs\/","og_site_name":"Pallium Canada","article_published_time":"2024-05-03T16:52:17+00:00","article_modified_time":"2024-10-03T10:41:09+00:00","author":"Georgina Dunn","twitter_card":"summary_large_image","schema":{"@context":"https:\/\/schema.org","@graph":[{"@type":"Article","@id":"https:\/\/www.pallium.ca\/fr\/une-lumiere-de-paix-inattendue-ce-que-les-israeliens-et-les-palestiniens-apprennent-au-canada-sur-les-soins-palliatifs\/#article","isPartOf":{"@id":"https:\/\/www.pallium.ca\/fr\/une-lumiere-de-paix-inattendue-ce-que-les-israeliens-et-les-palestiniens-apprennent-au-canada-sur-les-soins-palliatifs\/"},"author":{"name":"Georgina Dunn","@id":"https:\/\/www.pallium.ca\/fr\/#\/schema\/person\/569be35cacdaa0eae4da12d1dfb63500"},"headline":"Une lumi\u00e8re de paix inattendue : Ce que les Isra\u00e9liens et les Palestiniens apprennent au Canada sur les soins palliatifs","datePublished":"2024-05-03T16:52:17+00:00","dateModified":"2024-10-03T10:41:09+00:00","mainEntityOfPage":{"@id":"https:\/\/www.pallium.ca\/fr\/une-lumiere-de-paix-inattendue-ce-que-les-israeliens-et-les-palestiniens-apprennent-au-canada-sur-les-soins-palliatifs\/"},"wordCount":1272,"publisher":{"@id":"https:\/\/www.pallium.ca\/fr\/#organization"},"articleSection":["Non classifi\u00e9(e)"],"inLanguage":"fr-FR"},{"@type":"WebPage","@id":"https:\/\/www.pallium.ca\/fr\/une-lumiere-de-paix-inattendue-ce-que-les-israeliens-et-les-palestiniens-apprennent-au-canada-sur-les-soins-palliatifs\/","url":"https:\/\/www.pallium.ca\/fr\/une-lumiere-de-paix-inattendue-ce-que-les-israeliens-et-les-palestiniens-apprennent-au-canada-sur-les-soins-palliatifs\/","name":"Une lumi\u00e8re de paix inattendue : Ce que les Isra\u00e9liens et les Palestiniens apprennent au Canada sur les soins palliatifs - Pallium Canada","isPartOf":{"@id":"https:\/\/www.pallium.ca\/fr\/#website"},"datePublished":"2024-05-03T16:52:17+00:00","dateModified":"2024-10-03T10:41:09+00:00","breadcrumb":{"@id":"https:\/\/www.pallium.ca\/fr\/une-lumiere-de-paix-inattendue-ce-que-les-israeliens-et-les-palestiniens-apprennent-au-canada-sur-les-soins-palliatifs\/#breadcrumb"},"inLanguage":"fr-FR","potentialAction":[{"@type":"ReadAction","target":["https:\/\/www.pallium.ca\/fr\/une-lumiere-de-paix-inattendue-ce-que-les-israeliens-et-les-palestiniens-apprennent-au-canada-sur-les-soins-palliatifs\/"]}]},{"@type":"BreadcrumbList","@id":"https:\/\/www.pallium.ca\/fr\/une-lumiere-de-paix-inattendue-ce-que-les-israeliens-et-les-palestiniens-apprennent-au-canada-sur-les-soins-palliatifs\/#breadcrumb","itemListElement":[{"@type":"ListItem","position":1,"name":"Home","item":"https:\/\/www.pallium.ca\/fr\/"},{"@type":"ListItem","position":2,"name":"Une lumi\u00e8re de paix inattendue : Ce que les Isra\u00e9liens et les Palestiniens apprennent au Canada sur les soins palliatifs"}]},{"@type":"WebSite","@id":"https:\/\/www.pallium.ca\/fr\/#website","url":"https:\/\/www.pallium.ca\/fr\/","name":"Pallium Canada","description":"Advancing Palliative Care","publisher":{"@id":"https:\/\/www.pallium.ca\/fr\/#organization"},"potentialAction":[{"@type":"SearchAction","target":{"@type":"EntryPoint","urlTemplate":"https:\/\/www.pallium.ca\/fr\/?s={search_term_string}"},"query-input":{"@type":"PropertyValueSpecification","valueRequired":true,"valueName":"search_term_string"}}],"inLanguage":"fr-FR"},{"@type":"Organization","@id":"https:\/\/www.pallium.ca\/fr\/#organization","name":"Pallium Canada","url":"https:\/\/www.pallium.ca\/fr\/","logo":{"@type":"ImageObject","inLanguage":"fr-FR","@id":"https:\/\/www.pallium.ca\/fr\/#\/schema\/logo\/image\/","url":"https:\/\/www.pallium.ca\/wp-content\/uploads\/2024\/05\/Pallium-Logo.svg","contentUrl":"https:\/\/www.pallium.ca\/wp-content\/uploads\/2024\/05\/Pallium-Logo.svg","width":1,"height":1,"caption":"Pallium Canada"},"image":{"@id":"https:\/\/www.pallium.ca\/fr\/#\/schema\/logo\/image\/"}},{"@type":"Person","@id":"https:\/\/www.pallium.ca\/fr\/#\/schema\/person\/569be35cacdaa0eae4da12d1dfb63500","name":"Georgina Dunn","image":{"@type":"ImageObject","inLanguage":"fr-FR","@id":"https:\/\/www.pallium.ca\/fr\/#\/schema\/person\/image\/","url":"https:\/\/secure.gravatar.com\/avatar\/2417ba21bc01dc9e2875fe9083a3a97d7c1bbbbe5ff79c82d0bf36bafc00aa13?s=96&d=mm&r=g","contentUrl":"https:\/\/secure.gravatar.com\/avatar\/2417ba21bc01dc9e2875fe9083a3a97d7c1bbbbe5ff79c82d0bf36bafc00aa13?s=96&d=mm&r=g","caption":"Georgina Dunn"}}]}},"_links":{"self":[{"href":"https:\/\/www.pallium.ca\/fr\/wp-json\/wp\/v2\/posts\/3302","targetHints":{"allow":["GET"]}}],"collection":[{"href":"https:\/\/www.pallium.ca\/fr\/wp-json\/wp\/v2\/posts"}],"about":[{"href":"https:\/\/www.pallium.ca\/fr\/wp-json\/wp\/v2\/types\/post"}],"author":[{"embeddable":true,"href":"https:\/\/www.pallium.ca\/fr\/wp-json\/wp\/v2\/users\/7"}],"replies":[{"embeddable":true,"href":"https:\/\/www.pallium.ca\/fr\/wp-json\/wp\/v2\/comments?post=3302"}],"version-history":[{"count":0,"href":"https:\/\/www.pallium.ca\/fr\/wp-json\/wp\/v2\/posts\/3302\/revisions"}],"wp:attachment":[{"href":"https:\/\/www.pallium.ca\/fr\/wp-json\/wp\/v2\/media?parent=3302"}],"wp:term":[{"taxonomy":"category","embeddable":true,"href":"https:\/\/www.pallium.ca\/fr\/wp-json\/wp\/v2\/categories?post=3302"},{"taxonomy":"post_tag","embeddable":true,"href":"https:\/\/www.pallium.ca\/fr\/wp-json\/wp\/v2\/tags?post=3302"},{"taxonomy":"post_folder","embeddable":true,"href":"https:\/\/www.pallium.ca\/fr\/wp-json\/wp\/v2\/post_folder?post=3302"}],"curies":[{"name":"wp","href":"https:\/\/api.w.org\/{rel}","templated":true}]}}